{"id":29027,"count":1,"description":"","link":"https:\/\/blogdoedvaldomagalhaes.com.br\/index.php\/tag\/pm-e-assassinado-apos-discussao-por-vaga-de-estacionamento-e-suspeito-do-crime-e-policial-civil\/","name":"PM \u00e9 assassinado ap\u00f3s discuss\u00e3o por vaga de estacionamento e suspeito do crime \u00e9 policial civil","slug":"pm-e-assassinado-apos-discussao-por-vaga-de-estacionamento-e-suspeito-do-crime-e-policial-civil","taxonomy":"post_tag","meta":[],"_links":{"self":[{"href":"https:\/\/blogdoedvaldomagalhaes.com.br\/index.php\/wp-json\/wp\/v2\/tags\/29027","targetHints":{"allow":["GET"]}}],"collection":[{"href":"https:\/\/blogdoedvaldomagalhaes.com.br\/index.php\/wp-json\/wp\/v2\/tags"}],"about":[{"href":"https:\/\/blogdoedvaldomagalhaes.com.br\/index.php\/wp-json\/wp\/v2\/taxonomies\/post_tag"}],"wp:post_type":[{"href":"https:\/\/blogdoedvaldomagalhaes.com.br\/index.php\/wp-json\/wp\/v2\/posts?tags=29027"}],"curies":[{"name":"wp","href":"https:\/\/api.w.org\/{rel}","templated":true}]}}