{"id":28996,"count":1,"description":"","link":"https:\/\/blogdoedvaldomagalhaes.com.br\/index.php\/tag\/morar-bem-governadora-raquel-lyra-reune-52-movimentos-sociais-e-reafirma-que-habitacao-e-politica-prioritaria-em-pernambuco\/","name":"Morar Bem: governadora Raquel Lyra re\u00fane 52 movimentos sociais e reafirma que habita\u00e7\u00e3o \u00e9 pol\u00edtica priorit\u00e1ria em Pernambuco","slug":"morar-bem-governadora-raquel-lyra-reune-52-movimentos-sociais-e-reafirma-que-habitacao-e-politica-prioritaria-em-pernambuco","taxonomy":"post_tag","meta":[],"_links":{"self":[{"href":"https:\/\/blogdoedvaldomagalhaes.com.br\/index.php\/wp-json\/wp\/v2\/tags\/28996","targetHints":{"allow":["GET"]}}],"collection":[{"href":"https:\/\/blogdoedvaldomagalhaes.com.br\/index.php\/wp-json\/wp\/v2\/tags"}],"about":[{"href":"https:\/\/blogdoedvaldomagalhaes.com.br\/index.php\/wp-json\/wp\/v2\/taxonomies\/post_tag"}],"wp:post_type":[{"href":"https:\/\/blogdoedvaldomagalhaes.com.br\/index.php\/wp-json\/wp\/v2\/posts?tags=28996"}],"curies":[{"name":"wp","href":"https:\/\/api.w.org\/{rel}","templated":true}]}}