{"id":28992,"count":1,"description":"","link":"https:\/\/blogdoedvaldomagalhaes.com.br\/index.php\/tag\/linhas-de-onibus-terao-reforco-na-frota-em-caruaru-para-realizacao-de-provas-do-enem-2023\/","name":"Linhas de \u00f4nibus ter\u00e3o refor\u00e7o na frota em Caruaru para realiza\u00e7\u00e3o de provas do Enem 2023","slug":"linhas-de-onibus-terao-reforco-na-frota-em-caruaru-para-realizacao-de-provas-do-enem-2023","taxonomy":"post_tag","meta":[],"_links":{"self":[{"href":"https:\/\/blogdoedvaldomagalhaes.com.br\/index.php\/wp-json\/wp\/v2\/tags\/28992","targetHints":{"allow":["GET"]}}],"collection":[{"href":"https:\/\/blogdoedvaldomagalhaes.com.br\/index.php\/wp-json\/wp\/v2\/tags"}],"about":[{"href":"https:\/\/blogdoedvaldomagalhaes.com.br\/index.php\/wp-json\/wp\/v2\/taxonomies\/post_tag"}],"wp:post_type":[{"href":"https:\/\/blogdoedvaldomagalhaes.com.br\/index.php\/wp-json\/wp\/v2\/posts?tags=28992"}],"curies":[{"name":"wp","href":"https:\/\/api.w.org\/{rel}","templated":true}]}}