{"id":28984,"count":1,"description":"","link":"https:\/\/blogdoedvaldomagalhaes.com.br\/index.php\/tag\/vereador-jorge-quintino-pede-projeto-de-lei-para-combate-a-discriminacao-contra-pessoas-com-tea-em-caruaru\/","name":"Vereador Jorge Quintino Pede Projeto de Lei para Combate \u00e0 Discrimina\u00e7\u00e3o contra Pessoas com TEA em Caruaru","slug":"vereador-jorge-quintino-pede-projeto-de-lei-para-combate-a-discriminacao-contra-pessoas-com-tea-em-caruaru","taxonomy":"post_tag","meta":[],"_links":{"self":[{"href":"https:\/\/blogdoedvaldomagalhaes.com.br\/index.php\/wp-json\/wp\/v2\/tags\/28984","targetHints":{"allow":["GET"]}}],"collection":[{"href":"https:\/\/blogdoedvaldomagalhaes.com.br\/index.php\/wp-json\/wp\/v2\/tags"}],"about":[{"href":"https:\/\/blogdoedvaldomagalhaes.com.br\/index.php\/wp-json\/wp\/v2\/taxonomies\/post_tag"}],"wp:post_type":[{"href":"https:\/\/blogdoedvaldomagalhaes.com.br\/index.php\/wp-json\/wp\/v2\/posts?tags=28984"}],"curies":[{"name":"wp","href":"https:\/\/api.w.org\/{rel}","templated":true}]}}