{"id":28983,"count":1,"description":"","link":"https:\/\/blogdoedvaldomagalhaes.com.br\/index.php\/tag\/anderson-correia-alerta-populacao-que-atear-fogo-em-terreno-baldio-e-crime-e-da-ate-seis-anos-de-reclusao\/","name":"Anderson Correia alerta popula\u00e7\u00e3o que atear fogo em terreno baldio \u00e9 crime e d\u00e1 at\u00e9 seis anos de reclus\u00e3o","slug":"anderson-correia-alerta-populacao-que-atear-fogo-em-terreno-baldio-e-crime-e-da-ate-seis-anos-de-reclusao","taxonomy":"post_tag","meta":[],"_links":{"self":[{"href":"https:\/\/blogdoedvaldomagalhaes.com.br\/index.php\/wp-json\/wp\/v2\/tags\/28983","targetHints":{"allow":["GET"]}}],"collection":[{"href":"https:\/\/blogdoedvaldomagalhaes.com.br\/index.php\/wp-json\/wp\/v2\/tags"}],"about":[{"href":"https:\/\/blogdoedvaldomagalhaes.com.br\/index.php\/wp-json\/wp\/v2\/taxonomies\/post_tag"}],"wp:post_type":[{"href":"https:\/\/blogdoedvaldomagalhaes.com.br\/index.php\/wp-json\/wp\/v2\/posts?tags=28983"}],"curies":[{"name":"wp","href":"https:\/\/api.w.org\/{rel}","templated":true}]}}