{"id":28933,"count":1,"description":"","link":"https:\/\/blogdoedvaldomagalhaes.com.br\/index.php\/tag\/editais-de-premiacao-da-lei-paulo-gustavo-seguem-abertos-ate-o-dia-31-em-agrestina\/","name":"Editais de premia\u00e7\u00e3o da Lei Paulo Gustavo seguem abertos at\u00e9 o dia 31 em Agrestina","slug":"editais-de-premiacao-da-lei-paulo-gustavo-seguem-abertos-ate-o-dia-31-em-agrestina","taxonomy":"post_tag","meta":[],"_links":{"self":[{"href":"https:\/\/blogdoedvaldomagalhaes.com.br\/index.php\/wp-json\/wp\/v2\/tags\/28933","targetHints":{"allow":["GET"]}}],"collection":[{"href":"https:\/\/blogdoedvaldomagalhaes.com.br\/index.php\/wp-json\/wp\/v2\/tags"}],"about":[{"href":"https:\/\/blogdoedvaldomagalhaes.com.br\/index.php\/wp-json\/wp\/v2\/taxonomies\/post_tag"}],"wp:post_type":[{"href":"https:\/\/blogdoedvaldomagalhaes.com.br\/index.php\/wp-json\/wp\/v2\/posts?tags=28933"}],"curies":[{"name":"wp","href":"https:\/\/api.w.org\/{rel}","templated":true}]}}