{"id":28929,"count":1,"description":"","link":"https:\/\/blogdoedvaldomagalhaes.com.br\/index.php\/tag\/governadora-raquel-lyra-anuncia-antecipacao-do-pagamento-da-folha-de-outubro-para-a-proxima-sexta-feira-27-em-homenagem-ao-dia-dos-servidores\/","name":"Governadora Raquel Lyra anuncia antecipa\u00e7\u00e3o do pagamento da folha de outubro para a pr\u00f3xima sexta-feira (27) em homenagem ao Dia dos Servidores","slug":"governadora-raquel-lyra-anuncia-antecipacao-do-pagamento-da-folha-de-outubro-para-a-proxima-sexta-feira-27-em-homenagem-ao-dia-dos-servidores","taxonomy":"post_tag","meta":[],"_links":{"self":[{"href":"https:\/\/blogdoedvaldomagalhaes.com.br\/index.php\/wp-json\/wp\/v2\/tags\/28929","targetHints":{"allow":["GET"]}}],"collection":[{"href":"https:\/\/blogdoedvaldomagalhaes.com.br\/index.php\/wp-json\/wp\/v2\/tags"}],"about":[{"href":"https:\/\/blogdoedvaldomagalhaes.com.br\/index.php\/wp-json\/wp\/v2\/taxonomies\/post_tag"}],"wp:post_type":[{"href":"https:\/\/blogdoedvaldomagalhaes.com.br\/index.php\/wp-json\/wp\/v2\/posts?tags=28929"}],"curies":[{"name":"wp","href":"https:\/\/api.w.org\/{rel}","templated":true}]}}