{"id":28868,"count":1,"description":"","link":"https:\/\/blogdoedvaldomagalhaes.com.br\/index.php\/tag\/inscricoes-abertas-para-cursos-gratuitos-de-midias-sociais-informatica-basica-e-empregabilidade\/","name":"Inscri\u00e7\u00f5es abertas para cursos gratuitos de M\u00eddias Sociais Inform\u00e1tica B\u00e1sica e Empregabilidade","slug":"inscricoes-abertas-para-cursos-gratuitos-de-midias-sociais-informatica-basica-e-empregabilidade","taxonomy":"post_tag","meta":[],"_links":{"self":[{"href":"https:\/\/blogdoedvaldomagalhaes.com.br\/index.php\/wp-json\/wp\/v2\/tags\/28868","targetHints":{"allow":["GET"]}}],"collection":[{"href":"https:\/\/blogdoedvaldomagalhaes.com.br\/index.php\/wp-json\/wp\/v2\/tags"}],"about":[{"href":"https:\/\/blogdoedvaldomagalhaes.com.br\/index.php\/wp-json\/wp\/v2\/taxonomies\/post_tag"}],"wp:post_type":[{"href":"https:\/\/blogdoedvaldomagalhaes.com.br\/index.php\/wp-json\/wp\/v2\/posts?tags=28868"}],"curies":[{"name":"wp","href":"https:\/\/api.w.org\/{rel}","templated":true}]}}