{"id":28866,"count":1,"description":"","link":"https:\/\/blogdoedvaldomagalhaes.com.br\/index.php\/tag\/dia-do-trabalhador-da-construcao-civil-e-comemorado-com-ii-encontro-de-violeiros-e-cantadores-do-sintracon\/","name":"Dia do Trabalhador da Constru\u00e7\u00e3o Civil \u00e9 comemorado com II Encontro de Violeiros e Cantadores do Sintracon","slug":"dia-do-trabalhador-da-construcao-civil-e-comemorado-com-ii-encontro-de-violeiros-e-cantadores-do-sintracon","taxonomy":"post_tag","meta":[],"_links":{"self":[{"href":"https:\/\/blogdoedvaldomagalhaes.com.br\/index.php\/wp-json\/wp\/v2\/tags\/28866","targetHints":{"allow":["GET"]}}],"collection":[{"href":"https:\/\/blogdoedvaldomagalhaes.com.br\/index.php\/wp-json\/wp\/v2\/tags"}],"about":[{"href":"https:\/\/blogdoedvaldomagalhaes.com.br\/index.php\/wp-json\/wp\/v2\/taxonomies\/post_tag"}],"wp:post_type":[{"href":"https:\/\/blogdoedvaldomagalhaes.com.br\/index.php\/wp-json\/wp\/v2\/posts?tags=28866"}],"curies":[{"name":"wp","href":"https:\/\/api.w.org\/{rel}","templated":true}]}}