{"id":2840,"count":1,"description":"","link":"https:\/\/blogdoedvaldomagalhaes.com.br\/index.php\/tag\/paulo-camara-abre-encontro-de-educacao-e-assina-ordem-de-servico-da-adutora-de-serro-azul-em-caruaru\/","name":"Paulo C\u00e2mara abre encontro de educa\u00e7\u00e3o e assina ordem de servi\u00e7o da adutora de Serro Azul em Caruaru","slug":"paulo-camara-abre-encontro-de-educacao-e-assina-ordem-de-servico-da-adutora-de-serro-azul-em-caruaru","taxonomy":"post_tag","meta":[],"_links":{"self":[{"href":"https:\/\/blogdoedvaldomagalhaes.com.br\/index.php\/wp-json\/wp\/v2\/tags\/2840","targetHints":{"allow":["GET"]}}],"collection":[{"href":"https:\/\/blogdoedvaldomagalhaes.com.br\/index.php\/wp-json\/wp\/v2\/tags"}],"about":[{"href":"https:\/\/blogdoedvaldomagalhaes.com.br\/index.php\/wp-json\/wp\/v2\/taxonomies\/post_tag"}],"wp:post_type":[{"href":"https:\/\/blogdoedvaldomagalhaes.com.br\/index.php\/wp-json\/wp\/v2\/posts?tags=2840"}],"curies":[{"name":"wp","href":"https:\/\/api.w.org\/{rel}","templated":true}]}}