{"id":28032,"count":1,"description":"","link":"https:\/\/blogdoedvaldomagalhaes.com.br\/index.php\/tag\/central-de-abastecimento-de-caruaru-divulga-cotacao-de-precos-semanal-com-20-itens-com-reducao-no-preco\/","name":"Central de Abastecimento de Caruaru divulga cota\u00e7\u00e3o de pre\u00e7os semanal com 20 itens com redu\u00e7\u00e3o no pre\u00e7o","slug":"central-de-abastecimento-de-caruaru-divulga-cotacao-de-precos-semanal-com-20-itens-com-reducao-no-preco","taxonomy":"post_tag","meta":[],"_links":{"self":[{"href":"https:\/\/blogdoedvaldomagalhaes.com.br\/index.php\/wp-json\/wp\/v2\/tags\/28032","targetHints":{"allow":["GET"]}}],"collection":[{"href":"https:\/\/blogdoedvaldomagalhaes.com.br\/index.php\/wp-json\/wp\/v2\/tags"}],"about":[{"href":"https:\/\/blogdoedvaldomagalhaes.com.br\/index.php\/wp-json\/wp\/v2\/taxonomies\/post_tag"}],"wp:post_type":[{"href":"https:\/\/blogdoedvaldomagalhaes.com.br\/index.php\/wp-json\/wp\/v2\/posts?tags=28032"}],"curies":[{"name":"wp","href":"https:\/\/api.w.org\/{rel}","templated":true}]}}