{"id":28026,"count":1,"description":"","link":"https:\/\/blogdoedvaldomagalhaes.com.br\/index.php\/tag\/anderson-correia-e-bruno-lambreta-se-reunem-com-marcia-conrado-na-amupe-em-prol-da-habilitacao-do-icia-no-sus\/","name":"Anderson Correia e Bruno Lambreta se re\u00fanem com M\u00e1rcia Conrado na AMUPE em prol da habilita\u00e7\u00e3o do ICIA no SUS","slug":"anderson-correia-e-bruno-lambreta-se-reunem-com-marcia-conrado-na-amupe-em-prol-da-habilitacao-do-icia-no-sus","taxonomy":"post_tag","meta":[],"_links":{"self":[{"href":"https:\/\/blogdoedvaldomagalhaes.com.br\/index.php\/wp-json\/wp\/v2\/tags\/28026","targetHints":{"allow":["GET"]}}],"collection":[{"href":"https:\/\/blogdoedvaldomagalhaes.com.br\/index.php\/wp-json\/wp\/v2\/tags"}],"about":[{"href":"https:\/\/blogdoedvaldomagalhaes.com.br\/index.php\/wp-json\/wp\/v2\/taxonomies\/post_tag"}],"wp:post_type":[{"href":"https:\/\/blogdoedvaldomagalhaes.com.br\/index.php\/wp-json\/wp\/v2\/posts?tags=28026"}],"curies":[{"name":"wp","href":"https:\/\/api.w.org\/{rel}","templated":true}]}}