{"id":27961,"count":1,"description":"","link":"https:\/\/blogdoedvaldomagalhaes.com.br\/index.php\/tag\/polo-sao-paulo-2023-com-atracoes-artisticas-e-culturais-em-caruaru-comeca-nesta-quinta-6\/","name":"Polo S\u00e3o Paulo 2023 com atra\u00e7\u00f5es art\u00edsticas e culturais em Caruaru come\u00e7a nesta quinta (6)","slug":"polo-sao-paulo-2023-com-atracoes-artisticas-e-culturais-em-caruaru-comeca-nesta-quinta-6","taxonomy":"post_tag","meta":[],"_links":{"self":[{"href":"https:\/\/blogdoedvaldomagalhaes.com.br\/index.php\/wp-json\/wp\/v2\/tags\/27961","targetHints":{"allow":["GET"]}}],"collection":[{"href":"https:\/\/blogdoedvaldomagalhaes.com.br\/index.php\/wp-json\/wp\/v2\/tags"}],"about":[{"href":"https:\/\/blogdoedvaldomagalhaes.com.br\/index.php\/wp-json\/wp\/v2\/taxonomies\/post_tag"}],"wp:post_type":[{"href":"https:\/\/blogdoedvaldomagalhaes.com.br\/index.php\/wp-json\/wp\/v2\/posts?tags=27961"}],"curies":[{"name":"wp","href":"https:\/\/api.w.org\/{rel}","templated":true}]}}