{"id":27933,"count":1,"description":"","link":"https:\/\/blogdoedvaldomagalhaes.com.br\/index.php\/tag\/rodrigo-pinheiro-encerra-o-sao-joao-junto-com-o-povo-e-artistas-de-caruaru-e-regiao\/","name":"Rodrigo Pinheiro encerra o S\u00e3o Jo\u00e3o junto com o povo e artistas de Caruaru e regi\u00e3o","slug":"rodrigo-pinheiro-encerra-o-sao-joao-junto-com-o-povo-e-artistas-de-caruaru-e-regiao","taxonomy":"post_tag","meta":[],"_links":{"self":[{"href":"https:\/\/blogdoedvaldomagalhaes.com.br\/index.php\/wp-json\/wp\/v2\/tags\/27933","targetHints":{"allow":["GET"]}}],"collection":[{"href":"https:\/\/blogdoedvaldomagalhaes.com.br\/index.php\/wp-json\/wp\/v2\/tags"}],"about":[{"href":"https:\/\/blogdoedvaldomagalhaes.com.br\/index.php\/wp-json\/wp\/v2\/taxonomies\/post_tag"}],"wp:post_type":[{"href":"https:\/\/blogdoedvaldomagalhaes.com.br\/index.php\/wp-json\/wp\/v2\/posts?tags=27933"}],"curies":[{"name":"wp","href":"https:\/\/api.w.org\/{rel}","templated":true}]}}