{"id":2779,"count":1,"description":"","link":"https:\/\/blogdoedvaldomagalhaes.com.br\/index.php\/tag\/plano-de-gerenciamento-de-residuos-solidos-sera-apresentado-nesta-quinta-feira-na-camara-de-vereadores-de-caruaru\/","name":"Plano de Gerenciamento de Res\u00edduos S\u00f3lidos ser\u00e1 apresentado nesta quinta-feira na C\u00e2mara de Vereadores de Caruaru","slug":"plano-de-gerenciamento-de-residuos-solidos-sera-apresentado-nesta-quinta-feira-na-camara-de-vereadores-de-caruaru","taxonomy":"post_tag","meta":[],"_links":{"self":[{"href":"https:\/\/blogdoedvaldomagalhaes.com.br\/index.php\/wp-json\/wp\/v2\/tags\/2779","targetHints":{"allow":["GET"]}}],"collection":[{"href":"https:\/\/blogdoedvaldomagalhaes.com.br\/index.php\/wp-json\/wp\/v2\/tags"}],"about":[{"href":"https:\/\/blogdoedvaldomagalhaes.com.br\/index.php\/wp-json\/wp\/v2\/taxonomies\/post_tag"}],"wp:post_type":[{"href":"https:\/\/blogdoedvaldomagalhaes.com.br\/index.php\/wp-json\/wp\/v2\/posts?tags=2779"}],"curies":[{"name":"wp","href":"https:\/\/api.w.org\/{rel}","templated":true}]}}