{"id":27711,"count":1,"description":"","link":"https:\/\/blogdoedvaldomagalhaes.com.br\/index.php\/tag\/sesc-participa-do-sao-joao-de-caruaru-acoes-recreativas-e-culturais-em-dois-polos-de-animacao\/","name":"Sesc participa do S\u00e3o Jo\u00e3o de Caruaru\u00a0a\u00e7\u00f5es recreativas e culturais em dois polos de anima\u00e7\u00e3o","slug":"sesc-participa-do-sao-joao-de-caruaru-acoes-recreativas-e-culturais-em-dois-polos-de-animacao","taxonomy":"post_tag","meta":[],"_links":{"self":[{"href":"https:\/\/blogdoedvaldomagalhaes.com.br\/index.php\/wp-json\/wp\/v2\/tags\/27711","targetHints":{"allow":["GET"]}}],"collection":[{"href":"https:\/\/blogdoedvaldomagalhaes.com.br\/index.php\/wp-json\/wp\/v2\/tags"}],"about":[{"href":"https:\/\/blogdoedvaldomagalhaes.com.br\/index.php\/wp-json\/wp\/v2\/taxonomies\/post_tag"}],"wp:post_type":[{"href":"https:\/\/blogdoedvaldomagalhaes.com.br\/index.php\/wp-json\/wp\/v2\/posts?tags=27711"}],"curies":[{"name":"wp","href":"https:\/\/api.w.org\/{rel}","templated":true}]}}