{"id":27667,"count":1,"description":"","link":"https:\/\/blogdoedvaldomagalhaes.com.br\/index.php\/tag\/giral-forma-a-1a-rede-regional-de-enfrentamento-ao-abuso-e-a-exploracao-sexual-de-criancas-e-adolescentes-em-pernambuco\/","name":"Giral forma a 1\u00aa Rede Regional de Enfrentamento ao Abuso e \u00e0 Explora\u00e7\u00e3o Sexual de Crian\u00e7as e Adolescentes em Pernambuco","slug":"giral-forma-a-1a-rede-regional-de-enfrentamento-ao-abuso-e-a-exploracao-sexual-de-criancas-e-adolescentes-em-pernambuco","taxonomy":"post_tag","meta":[],"_links":{"self":[{"href":"https:\/\/blogdoedvaldomagalhaes.com.br\/index.php\/wp-json\/wp\/v2\/tags\/27667","targetHints":{"allow":["GET"]}}],"collection":[{"href":"https:\/\/blogdoedvaldomagalhaes.com.br\/index.php\/wp-json\/wp\/v2\/tags"}],"about":[{"href":"https:\/\/blogdoedvaldomagalhaes.com.br\/index.php\/wp-json\/wp\/v2\/taxonomies\/post_tag"}],"wp:post_type":[{"href":"https:\/\/blogdoedvaldomagalhaes.com.br\/index.php\/wp-json\/wp\/v2\/posts?tags=27667"}],"curies":[{"name":"wp","href":"https:\/\/api.w.org\/{rel}","templated":true}]}}