{"id":27606,"count":1,"description":"","link":"https:\/\/blogdoedvaldomagalhaes.com.br\/index.php\/tag\/anteprojeto-do-vereador-irmao-ronaldo-pede-criacao-do-programa-meu-bairro-bem-cuidado\/","name":"Anteprojeto do vereador Irm\u00e3o Ronaldo pede cria\u00e7\u00e3o do programa meu bairro bem cuidado","slug":"anteprojeto-do-vereador-irmao-ronaldo-pede-criacao-do-programa-meu-bairro-bem-cuidado","taxonomy":"post_tag","meta":[],"_links":{"self":[{"href":"https:\/\/blogdoedvaldomagalhaes.com.br\/index.php\/wp-json\/wp\/v2\/tags\/27606","targetHints":{"allow":["GET"]}}],"collection":[{"href":"https:\/\/blogdoedvaldomagalhaes.com.br\/index.php\/wp-json\/wp\/v2\/tags"}],"about":[{"href":"https:\/\/blogdoedvaldomagalhaes.com.br\/index.php\/wp-json\/wp\/v2\/taxonomies\/post_tag"}],"wp:post_type":[{"href":"https:\/\/blogdoedvaldomagalhaes.com.br\/index.php\/wp-json\/wp\/v2\/posts?tags=27606"}],"curies":[{"name":"wp","href":"https:\/\/api.w.org\/{rel}","templated":true}]}}