{"id":27558,"count":1,"description":"","link":"https:\/\/blogdoedvaldomagalhaes.com.br\/index.php\/tag\/vereador-cabo-cardoso-pede-instalacao-de-posto-de-seguranca-da-guarda-municipal-na-rua-saldanha-da-gama\/","name":"Vereador Cabo Cardoso pede instala\u00e7\u00e3o de posto de seguran\u00e7a da Guarda Municipal na rua Saldanha da Gama","slug":"vereador-cabo-cardoso-pede-instalacao-de-posto-de-seguranca-da-guarda-municipal-na-rua-saldanha-da-gama","taxonomy":"post_tag","meta":[],"_links":{"self":[{"href":"https:\/\/blogdoedvaldomagalhaes.com.br\/index.php\/wp-json\/wp\/v2\/tags\/27558","targetHints":{"allow":["GET"]}}],"collection":[{"href":"https:\/\/blogdoedvaldomagalhaes.com.br\/index.php\/wp-json\/wp\/v2\/tags"}],"about":[{"href":"https:\/\/blogdoedvaldomagalhaes.com.br\/index.php\/wp-json\/wp\/v2\/taxonomies\/post_tag"}],"wp:post_type":[{"href":"https:\/\/blogdoedvaldomagalhaes.com.br\/index.php\/wp-json\/wp\/v2\/posts?tags=27558"}],"curies":[{"name":"wp","href":"https:\/\/api.w.org\/{rel}","templated":true}]}}