{"id":27543,"count":1,"description":"","link":"https:\/\/blogdoedvaldomagalhaes.com.br\/index.php\/tag\/acao-conjunta-da-guarda-municipal-de-caruaru-e-policia-militar-recupera-caixa-de-som-furtada\/","name":"A\u00e7\u00e3o conjunta da Guarda Municipal de Caruaru e Pol\u00edcia Militar recupera caixa de som furtada","slug":"acao-conjunta-da-guarda-municipal-de-caruaru-e-policia-militar-recupera-caixa-de-som-furtada","taxonomy":"post_tag","meta":[],"_links":{"self":[{"href":"https:\/\/blogdoedvaldomagalhaes.com.br\/index.php\/wp-json\/wp\/v2\/tags\/27543","targetHints":{"allow":["GET"]}}],"collection":[{"href":"https:\/\/blogdoedvaldomagalhaes.com.br\/index.php\/wp-json\/wp\/v2\/tags"}],"about":[{"href":"https:\/\/blogdoedvaldomagalhaes.com.br\/index.php\/wp-json\/wp\/v2\/taxonomies\/post_tag"}],"wp:post_type":[{"href":"https:\/\/blogdoedvaldomagalhaes.com.br\/index.php\/wp-json\/wp\/v2\/posts?tags=27543"}],"curies":[{"name":"wp","href":"https:\/\/api.w.org\/{rel}","templated":true}]}}