{"id":27529,"count":1,"description":"","link":"https:\/\/blogdoedvaldomagalhaes.com.br\/index.php\/tag\/cachoeira-seca-recebeu-sucesso-alegria-e-tradicao-do-sao-joao-na-roca\/","name":"Cachoeira Seca recebeu sucesso alegria e tradi\u00e7\u00e3o do S\u00e3o Jo\u00e3o na Ro\u00e7a","slug":"cachoeira-seca-recebeu-sucesso-alegria-e-tradicao-do-sao-joao-na-roca","taxonomy":"post_tag","meta":[],"_links":{"self":[{"href":"https:\/\/blogdoedvaldomagalhaes.com.br\/index.php\/wp-json\/wp\/v2\/tags\/27529","targetHints":{"allow":["GET"]}}],"collection":[{"href":"https:\/\/blogdoedvaldomagalhaes.com.br\/index.php\/wp-json\/wp\/v2\/tags"}],"about":[{"href":"https:\/\/blogdoedvaldomagalhaes.com.br\/index.php\/wp-json\/wp\/v2\/taxonomies\/post_tag"}],"wp:post_type":[{"href":"https:\/\/blogdoedvaldomagalhaes.com.br\/index.php\/wp-json\/wp\/v2\/posts?tags=27529"}],"curies":[{"name":"wp","href":"https:\/\/api.w.org\/{rel}","templated":true}]}}