{"id":27470,"count":1,"description":"","link":"https:\/\/blogdoedvaldomagalhaes.com.br\/index.php\/tag\/sos-rio-ipojuca-realiza-capinacao-e-plantacao-de-mudas-no-espaco-ambiental-terezinha-gonzaga-no-alto-do-moura\/","name":"SOS Rio Ipojuca realiza capina\u00e7\u00e3o e planta\u00e7\u00e3o de mudas no Espa\u00e7o Ambiental Terezinha Gonzaga no Alto do Moura","slug":"sos-rio-ipojuca-realiza-capinacao-e-plantacao-de-mudas-no-espaco-ambiental-terezinha-gonzaga-no-alto-do-moura","taxonomy":"post_tag","meta":[],"_links":{"self":[{"href":"https:\/\/blogdoedvaldomagalhaes.com.br\/index.php\/wp-json\/wp\/v2\/tags\/27470","targetHints":{"allow":["GET"]}}],"collection":[{"href":"https:\/\/blogdoedvaldomagalhaes.com.br\/index.php\/wp-json\/wp\/v2\/tags"}],"about":[{"href":"https:\/\/blogdoedvaldomagalhaes.com.br\/index.php\/wp-json\/wp\/v2\/taxonomies\/post_tag"}],"wp:post_type":[{"href":"https:\/\/blogdoedvaldomagalhaes.com.br\/index.php\/wp-json\/wp\/v2\/posts?tags=27470"}],"curies":[{"name":"wp","href":"https:\/\/api.w.org\/{rel}","templated":true}]}}