{"id":27457,"count":1,"description":"","link":"https:\/\/blogdoedvaldomagalhaes.com.br\/index.php\/tag\/jorge-quintino-solicita-um-anteprojeto-para-obrigatoriedade-da-contratacao-de-tradutor-e-interprete-libras-nas-unidades-de-saude-caruaru\/","name":"Jorge Quintino solicita um anteprojeto para obrigatoriedade da contrata\u00e7\u00e3o de tradutor e int\u00e9rprete Libras nas unidades de sa\u00fade Caruaru","slug":"jorge-quintino-solicita-um-anteprojeto-para-obrigatoriedade-da-contratacao-de-tradutor-e-interprete-libras-nas-unidades-de-saude-caruaru","taxonomy":"post_tag","meta":[],"_links":{"self":[{"href":"https:\/\/blogdoedvaldomagalhaes.com.br\/index.php\/wp-json\/wp\/v2\/tags\/27457","targetHints":{"allow":["GET"]}}],"collection":[{"href":"https:\/\/blogdoedvaldomagalhaes.com.br\/index.php\/wp-json\/wp\/v2\/tags"}],"about":[{"href":"https:\/\/blogdoedvaldomagalhaes.com.br\/index.php\/wp-json\/wp\/v2\/taxonomies\/post_tag"}],"wp:post_type":[{"href":"https:\/\/blogdoedvaldomagalhaes.com.br\/index.php\/wp-json\/wp\/v2\/posts?tags=27457"}],"curies":[{"name":"wp","href":"https:\/\/api.w.org\/{rel}","templated":true}]}}