{"id":27424,"count":1,"description":"","link":"https:\/\/blogdoedvaldomagalhaes.com.br\/index.php\/tag\/galego-de-lajes-trata-de-solicitacoes-dos-moradores-da-vila-barreiras-queimadas-com-prefeito-e-secretarios-municipais\/","name":"Galego de Lajes trata de solicita\u00e7\u00f5es dos moradores da Vila Barreiras Queimadas com prefeito e secret\u00e1rios municipais","slug":"galego-de-lajes-trata-de-solicitacoes-dos-moradores-da-vila-barreiras-queimadas-com-prefeito-e-secretarios-municipais","taxonomy":"post_tag","meta":[],"_links":{"self":[{"href":"https:\/\/blogdoedvaldomagalhaes.com.br\/index.php\/wp-json\/wp\/v2\/tags\/27424","targetHints":{"allow":["GET"]}}],"collection":[{"href":"https:\/\/blogdoedvaldomagalhaes.com.br\/index.php\/wp-json\/wp\/v2\/tags"}],"about":[{"href":"https:\/\/blogdoedvaldomagalhaes.com.br\/index.php\/wp-json\/wp\/v2\/taxonomies\/post_tag"}],"wp:post_type":[{"href":"https:\/\/blogdoedvaldomagalhaes.com.br\/index.php\/wp-json\/wp\/v2\/posts?tags=27424"}],"curies":[{"name":"wp","href":"https:\/\/api.w.org\/{rel}","templated":true}]}}