{"id":27419,"count":1,"description":"","link":"https:\/\/blogdoedvaldomagalhaes.com.br\/index.php\/tag\/veja-a-programacao-do-sao-joao-na-roca-na-vila-murici-em-caruaru-neste-domingo-30\/","name":"Veja a programa\u00e7\u00e3o do S\u00e3o Jo\u00e3o na Ro\u00e7a na Vila Murici em Caruaru neste domingo (30)","slug":"veja-a-programacao-do-sao-joao-na-roca-na-vila-murici-em-caruaru-neste-domingo-30","taxonomy":"post_tag","meta":[],"_links":{"self":[{"href":"https:\/\/blogdoedvaldomagalhaes.com.br\/index.php\/wp-json\/wp\/v2\/tags\/27419","targetHints":{"allow":["GET"]}}],"collection":[{"href":"https:\/\/blogdoedvaldomagalhaes.com.br\/index.php\/wp-json\/wp\/v2\/tags"}],"about":[{"href":"https:\/\/blogdoedvaldomagalhaes.com.br\/index.php\/wp-json\/wp\/v2\/taxonomies\/post_tag"}],"wp:post_type":[{"href":"https:\/\/blogdoedvaldomagalhaes.com.br\/index.php\/wp-json\/wp\/v2\/posts?tags=27419"}],"curies":[{"name":"wp","href":"https:\/\/api.w.org\/{rel}","templated":true}]}}