{"id":27412,"count":1,"description":"","link":"https:\/\/blogdoedvaldomagalhaes.com.br\/index.php\/tag\/mais-de-seis-mil-pessoas-foram-para-abertura-do-sao-jose-na-roca-na-vila-goncalves-ferreira\/","name":"Mais de seis mil pessoas foram para abertura do S\u00e3o Jos\u00e9 na Ro\u00e7a na Vila Gon\u00e7alves Ferreira","slug":"mais-de-seis-mil-pessoas-foram-para-abertura-do-sao-jose-na-roca-na-vila-goncalves-ferreira","taxonomy":"post_tag","meta":[],"_links":{"self":[{"href":"https:\/\/blogdoedvaldomagalhaes.com.br\/index.php\/wp-json\/wp\/v2\/tags\/27412","targetHints":{"allow":["GET"]}}],"collection":[{"href":"https:\/\/blogdoedvaldomagalhaes.com.br\/index.php\/wp-json\/wp\/v2\/tags"}],"about":[{"href":"https:\/\/blogdoedvaldomagalhaes.com.br\/index.php\/wp-json\/wp\/v2\/taxonomies\/post_tag"}],"wp:post_type":[{"href":"https:\/\/blogdoedvaldomagalhaes.com.br\/index.php\/wp-json\/wp\/v2\/posts?tags=27412"}],"curies":[{"name":"wp","href":"https:\/\/api.w.org\/{rel}","templated":true}]}}