{"id":27404,"count":1,"description":"","link":"https:\/\/blogdoedvaldomagalhaes.com.br\/index.php\/tag\/sao-joao-na-roca-comeca-neste-fim-de-semana-com-a-presenca-da-caravana-da-ouvidoria-itinerante-de-caruaru\/","name":"S\u00e3o Jo\u00e3o na Ro\u00e7a come\u00e7a neste fim de semana com a presen\u00e7a da Caravana da Ouvidoria Itinerante de Caruaru","slug":"sao-joao-na-roca-comeca-neste-fim-de-semana-com-a-presenca-da-caravana-da-ouvidoria-itinerante-de-caruaru","taxonomy":"post_tag","meta":[],"_links":{"self":[{"href":"https:\/\/blogdoedvaldomagalhaes.com.br\/index.php\/wp-json\/wp\/v2\/tags\/27404","targetHints":{"allow":["GET"]}}],"collection":[{"href":"https:\/\/blogdoedvaldomagalhaes.com.br\/index.php\/wp-json\/wp\/v2\/tags"}],"about":[{"href":"https:\/\/blogdoedvaldomagalhaes.com.br\/index.php\/wp-json\/wp\/v2\/taxonomies\/post_tag"}],"wp:post_type":[{"href":"https:\/\/blogdoedvaldomagalhaes.com.br\/index.php\/wp-json\/wp\/v2\/posts?tags=27404"}],"curies":[{"name":"wp","href":"https:\/\/api.w.org\/{rel}","templated":true}]}}