{"id":27398,"count":1,"description":"","link":"https:\/\/blogdoedvaldomagalhaes.com.br\/index.php\/tag\/governadora-raquel-lyra-e-convidada-pelo-prefeito-rodrigo-pinheiro-para-o-sao-joao-2023-de-caruaru\/","name":"Governadora Raquel Lyra \u00e9 convidada pelo prefeito Rodrigo Pinheiro para o S\u00e3o Jo\u00e3o 2023 de Caruaru","slug":"governadora-raquel-lyra-e-convidada-pelo-prefeito-rodrigo-pinheiro-para-o-sao-joao-2023-de-caruaru","taxonomy":"post_tag","meta":[],"_links":{"self":[{"href":"https:\/\/blogdoedvaldomagalhaes.com.br\/index.php\/wp-json\/wp\/v2\/tags\/27398","targetHints":{"allow":["GET"]}}],"collection":[{"href":"https:\/\/blogdoedvaldomagalhaes.com.br\/index.php\/wp-json\/wp\/v2\/tags"}],"about":[{"href":"https:\/\/blogdoedvaldomagalhaes.com.br\/index.php\/wp-json\/wp\/v2\/taxonomies\/post_tag"}],"wp:post_type":[{"href":"https:\/\/blogdoedvaldomagalhaes.com.br\/index.php\/wp-json\/wp\/v2\/posts?tags=27398"}],"curies":[{"name":"wp","href":"https:\/\/api.w.org\/{rel}","templated":true}]}}