{"id":27393,"count":1,"description":"","link":"https:\/\/blogdoedvaldomagalhaes.com.br\/index.php\/tag\/jorge-quintino-solicita-criacao-da-carteira-de-identidade-funcional-para-os-professores-de-escolas-publicas-e-privadas-de-caruaru\/","name":"Jorge Quintino solicita cria\u00e7\u00e3o da carteira de identidade funcional para os professores de escolas p\u00fablicas e privadas de Caruaru","slug":"jorge-quintino-solicita-criacao-da-carteira-de-identidade-funcional-para-os-professores-de-escolas-publicas-e-privadas-de-caruaru","taxonomy":"post_tag","meta":[],"_links":{"self":[{"href":"https:\/\/blogdoedvaldomagalhaes.com.br\/index.php\/wp-json\/wp\/v2\/tags\/27393","targetHints":{"allow":["GET"]}}],"collection":[{"href":"https:\/\/blogdoedvaldomagalhaes.com.br\/index.php\/wp-json\/wp\/v2\/tags"}],"about":[{"href":"https:\/\/blogdoedvaldomagalhaes.com.br\/index.php\/wp-json\/wp\/v2\/taxonomies\/post_tag"}],"wp:post_type":[{"href":"https:\/\/blogdoedvaldomagalhaes.com.br\/index.php\/wp-json\/wp\/v2\/posts?tags=27393"}],"curies":[{"name":"wp","href":"https:\/\/api.w.org\/{rel}","templated":true}]}}