{"id":27293,"count":1,"description":"","link":"https:\/\/blogdoedvaldomagalhaes.com.br\/index.php\/tag\/discurso-do-vereador-jorge-quintino-durante-a-audiencia-publica-sobre-seguranca-nas-escolas-a-violencia-nas-escolas-tem-o-odio-nas-suas-causas\/","name":"Discurso do vereador Jorge Quintino durante a audi\u00eancia p\u00fablica sobre seguran\u00e7a nas escolas:\u00a0\u201cA viol\u00eancia nas escolas tem o \u00f3dio nas suas causas\u201d","slug":"discurso-do-vereador-jorge-quintino-durante-a-audiencia-publica-sobre-seguranca-nas-escolas-a-violencia-nas-escolas-tem-o-odio-nas-suas-causas","taxonomy":"post_tag","meta":[],"_links":{"self":[{"href":"https:\/\/blogdoedvaldomagalhaes.com.br\/index.php\/wp-json\/wp\/v2\/tags\/27293","targetHints":{"allow":["GET"]}}],"collection":[{"href":"https:\/\/blogdoedvaldomagalhaes.com.br\/index.php\/wp-json\/wp\/v2\/tags"}],"about":[{"href":"https:\/\/blogdoedvaldomagalhaes.com.br\/index.php\/wp-json\/wp\/v2\/taxonomies\/post_tag"}],"wp:post_type":[{"href":"https:\/\/blogdoedvaldomagalhaes.com.br\/index.php\/wp-json\/wp\/v2\/posts?tags=27293"}],"curies":[{"name":"wp","href":"https:\/\/api.w.org\/{rel}","templated":true}]}}