{"id":27284,"count":1,"description":"","link":"https:\/\/blogdoedvaldomagalhaes.com.br\/index.php\/tag\/vereador-jorge-quintino-apresenta-pl-que-propoe-criacao-de-politica-de-prevencao-e-enfrentamento-contra-atentados-nas-escolas\/","name":"Vereador Jorge Quintino apresenta PL que prop\u00f5e cria\u00e7\u00e3o de pol\u00edtica de preven\u00e7\u00e3o e enfrentamento contra atentados nas escolas","slug":"vereador-jorge-quintino-apresenta-pl-que-propoe-criacao-de-politica-de-prevencao-e-enfrentamento-contra-atentados-nas-escolas","taxonomy":"post_tag","meta":[],"_links":{"self":[{"href":"https:\/\/blogdoedvaldomagalhaes.com.br\/index.php\/wp-json\/wp\/v2\/tags\/27284","targetHints":{"allow":["GET"]}}],"collection":[{"href":"https:\/\/blogdoedvaldomagalhaes.com.br\/index.php\/wp-json\/wp\/v2\/tags"}],"about":[{"href":"https:\/\/blogdoedvaldomagalhaes.com.br\/index.php\/wp-json\/wp\/v2\/taxonomies\/post_tag"}],"wp:post_type":[{"href":"https:\/\/blogdoedvaldomagalhaes.com.br\/index.php\/wp-json\/wp\/v2\/posts?tags=27284"}],"curies":[{"name":"wp","href":"https:\/\/api.w.org\/{rel}","templated":true}]}}