{"id":27275,"count":1,"description":"","link":"https:\/\/blogdoedvaldomagalhaes.com.br\/index.php\/tag\/incendio-que-matou-4-adolescentes-em-caruaru-foi-provocado-pelas-proprias-vitimas-segundo-inquerito-da-policia\/","name":"Inc\u00eandio que matou 4 adolescentes em Caruaru foi provocado pelas pr\u00f3prias vitimas segundo inqu\u00e9rito da pol\u00edcia","slug":"incendio-que-matou-4-adolescentes-em-caruaru-foi-provocado-pelas-proprias-vitimas-segundo-inquerito-da-policia","taxonomy":"post_tag","meta":[],"_links":{"self":[{"href":"https:\/\/blogdoedvaldomagalhaes.com.br\/index.php\/wp-json\/wp\/v2\/tags\/27275","targetHints":{"allow":["GET"]}}],"collection":[{"href":"https:\/\/blogdoedvaldomagalhaes.com.br\/index.php\/wp-json\/wp\/v2\/tags"}],"about":[{"href":"https:\/\/blogdoedvaldomagalhaes.com.br\/index.php\/wp-json\/wp\/v2\/taxonomies\/post_tag"}],"wp:post_type":[{"href":"https:\/\/blogdoedvaldomagalhaes.com.br\/index.php\/wp-json\/wp\/v2\/posts?tags=27275"}],"curies":[{"name":"wp","href":"https:\/\/api.w.org\/{rel}","templated":true}]}}