{"id":27272,"count":1,"description":"","link":"https:\/\/blogdoedvaldomagalhaes.com.br\/index.php\/tag\/2a-caominhada-promovida-por-anderson-correia-reune-prefeito-rodrigo-pinheiro-autoridades-e-varias-familias-em-caruaru\/","name":"2\u00aa C\u00e3ominhada promovida por Anderson Correia re\u00fane prefeito Rodrigo Pinheiro autoridades e v\u00e1rias fam\u00edlias em Caruaru","slug":"2a-caominhada-promovida-por-anderson-correia-reune-prefeito-rodrigo-pinheiro-autoridades-e-varias-familias-em-caruaru","taxonomy":"post_tag","meta":[],"_links":{"self":[{"href":"https:\/\/blogdoedvaldomagalhaes.com.br\/index.php\/wp-json\/wp\/v2\/tags\/27272","targetHints":{"allow":["GET"]}}],"collection":[{"href":"https:\/\/blogdoedvaldomagalhaes.com.br\/index.php\/wp-json\/wp\/v2\/tags"}],"about":[{"href":"https:\/\/blogdoedvaldomagalhaes.com.br\/index.php\/wp-json\/wp\/v2\/taxonomies\/post_tag"}],"wp:post_type":[{"href":"https:\/\/blogdoedvaldomagalhaes.com.br\/index.php\/wp-json\/wp\/v2\/posts?tags=27272"}],"curies":[{"name":"wp","href":"https:\/\/api.w.org\/{rel}","templated":true}]}}