{"id":27252,"count":1,"description":"","link":"https:\/\/blogdoedvaldomagalhaes.com.br\/index.php\/tag\/a-pedido-de-anderson-correia-camara-de-caruaru-vai-realizar-audiencia-publica-sobre-seguranca-nas-escolas\/","name":"A pedido de Anderson Correia C\u00e2mara de Caruaru vai realizar audi\u00eancia p\u00fablica sobre seguran\u00e7a nas escolas","slug":"a-pedido-de-anderson-correia-camara-de-caruaru-vai-realizar-audiencia-publica-sobre-seguranca-nas-escolas","taxonomy":"post_tag","meta":[],"_links":{"self":[{"href":"https:\/\/blogdoedvaldomagalhaes.com.br\/index.php\/wp-json\/wp\/v2\/tags\/27252","targetHints":{"allow":["GET"]}}],"collection":[{"href":"https:\/\/blogdoedvaldomagalhaes.com.br\/index.php\/wp-json\/wp\/v2\/tags"}],"about":[{"href":"https:\/\/blogdoedvaldomagalhaes.com.br\/index.php\/wp-json\/wp\/v2\/taxonomies\/post_tag"}],"wp:post_type":[{"href":"https:\/\/blogdoedvaldomagalhaes.com.br\/index.php\/wp-json\/wp\/v2\/posts?tags=27252"}],"curies":[{"name":"wp","href":"https:\/\/api.w.org\/{rel}","templated":true}]}}