{"id":26998,"count":1,"description":"","link":"https:\/\/blogdoedvaldomagalhaes.com.br\/index.php\/tag\/ex-presidiario-e-morto-a-tiros-e-homem-que-passava-pelo-local-e-atingido-por-bala-perdida-em-caruaru\/","name":"Ex-presidi\u00e1rio \u00e9 morto a tiros e homem que passava pelo local \u00e9 atingido por bala perdida em Caruaru","slug":"ex-presidiario-e-morto-a-tiros-e-homem-que-passava-pelo-local-e-atingido-por-bala-perdida-em-caruaru","taxonomy":"post_tag","meta":[],"_links":{"self":[{"href":"https:\/\/blogdoedvaldomagalhaes.com.br\/index.php\/wp-json\/wp\/v2\/tags\/26998","targetHints":{"allow":["GET"]}}],"collection":[{"href":"https:\/\/blogdoedvaldomagalhaes.com.br\/index.php\/wp-json\/wp\/v2\/tags"}],"about":[{"href":"https:\/\/blogdoedvaldomagalhaes.com.br\/index.php\/wp-json\/wp\/v2\/taxonomies\/post_tag"}],"wp:post_type":[{"href":"https:\/\/blogdoedvaldomagalhaes.com.br\/index.php\/wp-json\/wp\/v2\/posts?tags=26998"}],"curies":[{"name":"wp","href":"https:\/\/api.w.org\/{rel}","templated":true}]}}