{"id":26996,"count":1,"description":"","link":"https:\/\/blogdoedvaldomagalhaes.com.br\/index.php\/tag\/vereador-jorge-quintino-solicita-criacao-do-beneficio-aluguel-maria-da-penha-para-mulheres-vitimas-de-violencia-domestica-ou-familiar\/","name":"Vereador Jorge Quintino solicita cria\u00e7\u00e3o do benef\u00edcio \u201cAluguel Maria da Penha\u201d para mulheres v\u00edtimas de viol\u00eancia dom\u00e9stica ou fam\u00edliar","slug":"vereador-jorge-quintino-solicita-criacao-do-beneficio-aluguel-maria-da-penha-para-mulheres-vitimas-de-violencia-domestica-ou-familiar","taxonomy":"post_tag","meta":[],"_links":{"self":[{"href":"https:\/\/blogdoedvaldomagalhaes.com.br\/index.php\/wp-json\/wp\/v2\/tags\/26996","targetHints":{"allow":["GET"]}}],"collection":[{"href":"https:\/\/blogdoedvaldomagalhaes.com.br\/index.php\/wp-json\/wp\/v2\/tags"}],"about":[{"href":"https:\/\/blogdoedvaldomagalhaes.com.br\/index.php\/wp-json\/wp\/v2\/taxonomies\/post_tag"}],"wp:post_type":[{"href":"https:\/\/blogdoedvaldomagalhaes.com.br\/index.php\/wp-json\/wp\/v2\/posts?tags=26996"}],"curies":[{"name":"wp","href":"https:\/\/api.w.org\/{rel}","templated":true}]}}