{"id":26988,"count":1,"description":"","link":"https:\/\/blogdoedvaldomagalhaes.com.br\/index.php\/tag\/samu-caruaru-ministra-curso-de-nocoes-basicas-de-primeiros-socorros-na-penitenciaria-de-caruaru\/","name":"Samu Caruaru ministra curso de No\u00e7\u00f5es B\u00e1sicas de Primeiros Socorros na Penitenci\u00e1ria de Caruaru","slug":"samu-caruaru-ministra-curso-de-nocoes-basicas-de-primeiros-socorros-na-penitenciaria-de-caruaru","taxonomy":"post_tag","meta":[],"_links":{"self":[{"href":"https:\/\/blogdoedvaldomagalhaes.com.br\/index.php\/wp-json\/wp\/v2\/tags\/26988","targetHints":{"allow":["GET"]}}],"collection":[{"href":"https:\/\/blogdoedvaldomagalhaes.com.br\/index.php\/wp-json\/wp\/v2\/tags"}],"about":[{"href":"https:\/\/blogdoedvaldomagalhaes.com.br\/index.php\/wp-json\/wp\/v2\/taxonomies\/post_tag"}],"wp:post_type":[{"href":"https:\/\/blogdoedvaldomagalhaes.com.br\/index.php\/wp-json\/wp\/v2\/posts?tags=26988"}],"curies":[{"name":"wp","href":"https:\/\/api.w.org\/{rel}","templated":true}]}}