{"id":26969,"count":1,"description":"","link":"https:\/\/blogdoedvaldomagalhaes.com.br\/index.php\/tag\/inscricoes-para-o-edital-de-artistas-que-querem-se-apresentar-no-sao-joao-2023-termina-nesta-quarta-feira\/","name":"Inscri\u00e7\u00f5es para o edital de artistas que querem se apresentar no S\u00e3o Jo\u00e3o 2023 termina nesta quarta-feira","slug":"inscricoes-para-o-edital-de-artistas-que-querem-se-apresentar-no-sao-joao-2023-termina-nesta-quarta-feira","taxonomy":"post_tag","meta":[],"_links":{"self":[{"href":"https:\/\/blogdoedvaldomagalhaes.com.br\/index.php\/wp-json\/wp\/v2\/tags\/26969","targetHints":{"allow":["GET"]}}],"collection":[{"href":"https:\/\/blogdoedvaldomagalhaes.com.br\/index.php\/wp-json\/wp\/v2\/tags"}],"about":[{"href":"https:\/\/blogdoedvaldomagalhaes.com.br\/index.php\/wp-json\/wp\/v2\/taxonomies\/post_tag"}],"wp:post_type":[{"href":"https:\/\/blogdoedvaldomagalhaes.com.br\/index.php\/wp-json\/wp\/v2\/posts?tags=26969"}],"curies":[{"name":"wp","href":"https:\/\/api.w.org\/{rel}","templated":true}]}}