{"id":26902,"count":1,"description":"","link":"https:\/\/blogdoedvaldomagalhaes.com.br\/index.php\/tag\/4o-homicidio-no-mes-de-marco-em-caruaru-jovem-e-morta-com-tiros-nas-costas\/","name":"4\u00ba\u00a0homic\u00eddio no m\u00eas de mar\u00e7o em Caruaru: Jovem \u00e9 morta com tiros nas costas","slug":"4o-homicidio-no-mes-de-marco-em-caruaru-jovem-e-morta-com-tiros-nas-costas","taxonomy":"post_tag","meta":[],"_links":{"self":[{"href":"https:\/\/blogdoedvaldomagalhaes.com.br\/index.php\/wp-json\/wp\/v2\/tags\/26902","targetHints":{"allow":["GET"]}}],"collection":[{"href":"https:\/\/blogdoedvaldomagalhaes.com.br\/index.php\/wp-json\/wp\/v2\/tags"}],"about":[{"href":"https:\/\/blogdoedvaldomagalhaes.com.br\/index.php\/wp-json\/wp\/v2\/taxonomies\/post_tag"}],"wp:post_type":[{"href":"https:\/\/blogdoedvaldomagalhaes.com.br\/index.php\/wp-json\/wp\/v2\/posts?tags=26902"}],"curies":[{"name":"wp","href":"https:\/\/api.w.org\/{rel}","templated":true}]}}