{"id":26898,"count":1,"description":"","link":"https:\/\/blogdoedvaldomagalhaes.com.br\/index.php\/tag\/vereador-jorge-quintino-solicita-audiencia-publica-e-propoe-pl-para-avanco-do-uso-da-cannabis-medicinal-no-tratamento-de-doencas\/","name":"Vereador Jorge Quintino solicita audi\u00eancia p\u00fablica e prop\u00f5e PL para avan\u00e7o do uso da cannabis medicinal no tratamento de doen\u00e7as","slug":"vereador-jorge-quintino-solicita-audiencia-publica-e-propoe-pl-para-avanco-do-uso-da-cannabis-medicinal-no-tratamento-de-doencas","taxonomy":"post_tag","meta":[],"_links":{"self":[{"href":"https:\/\/blogdoedvaldomagalhaes.com.br\/index.php\/wp-json\/wp\/v2\/tags\/26898","targetHints":{"allow":["GET"]}}],"collection":[{"href":"https:\/\/blogdoedvaldomagalhaes.com.br\/index.php\/wp-json\/wp\/v2\/tags"}],"about":[{"href":"https:\/\/blogdoedvaldomagalhaes.com.br\/index.php\/wp-json\/wp\/v2\/taxonomies\/post_tag"}],"wp:post_type":[{"href":"https:\/\/blogdoedvaldomagalhaes.com.br\/index.php\/wp-json\/wp\/v2\/posts?tags=26898"}],"curies":[{"name":"wp","href":"https:\/\/api.w.org\/{rel}","templated":true}]}}