{"id":26893,"count":1,"description":"","link":"https:\/\/blogdoedvaldomagalhaes.com.br\/index.php\/tag\/3-homicidio-no-mes-de-marco-em-caruaru-mulher-acusada-de-matar-homem-com-facada-no-pescoco\/","name":"3\u00b0\u00a0homic\u00eddio no m\u00eas de mar\u00e7o em Caruaru: Mulher acusada de matar homem com facada no pesco\u00e7o","slug":"3-homicidio-no-mes-de-marco-em-caruaru-mulher-acusada-de-matar-homem-com-facada-no-pescoco","taxonomy":"post_tag","meta":[],"_links":{"self":[{"href":"https:\/\/blogdoedvaldomagalhaes.com.br\/index.php\/wp-json\/wp\/v2\/tags\/26893","targetHints":{"allow":["GET"]}}],"collection":[{"href":"https:\/\/blogdoedvaldomagalhaes.com.br\/index.php\/wp-json\/wp\/v2\/tags"}],"about":[{"href":"https:\/\/blogdoedvaldomagalhaes.com.br\/index.php\/wp-json\/wp\/v2\/taxonomies\/post_tag"}],"wp:post_type":[{"href":"https:\/\/blogdoedvaldomagalhaes.com.br\/index.php\/wp-json\/wp\/v2\/posts?tags=26893"}],"curies":[{"name":"wp","href":"https:\/\/api.w.org\/{rel}","templated":true}]}}