{"id":26770,"count":1,"description":"","link":"https:\/\/blogdoedvaldomagalhaes.com.br\/index.php\/tag\/feira-carnavalesca-da-mulher-empreendedora-na-estacao-ferroviaria-neste-sabado-em-caruaru\/","name":"Feira Carnavalesca da Mulher Empreendedora na Esta\u00e7\u00e3o Ferrovi\u00e1ria neste s\u00e1bado em Caruaru","slug":"feira-carnavalesca-da-mulher-empreendedora-na-estacao-ferroviaria-neste-sabado-em-caruaru","taxonomy":"post_tag","meta":[],"_links":{"self":[{"href":"https:\/\/blogdoedvaldomagalhaes.com.br\/index.php\/wp-json\/wp\/v2\/tags\/26770","targetHints":{"allow":["GET"]}}],"collection":[{"href":"https:\/\/blogdoedvaldomagalhaes.com.br\/index.php\/wp-json\/wp\/v2\/tags"}],"about":[{"href":"https:\/\/blogdoedvaldomagalhaes.com.br\/index.php\/wp-json\/wp\/v2\/taxonomies\/post_tag"}],"wp:post_type":[{"href":"https:\/\/blogdoedvaldomagalhaes.com.br\/index.php\/wp-json\/wp\/v2\/posts?tags=26770"}],"curies":[{"name":"wp","href":"https:\/\/api.w.org\/{rel}","templated":true}]}}