{"id":26670,"count":1,"description":"","link":"https:\/\/blogdoedvaldomagalhaes.com.br\/index.php\/tag\/prefeito-de-caruaru-pede-modernizacao-dos-equipamentos-do-corpo-de-bombeiros-e-gestao-compartilhada-do-aeroporto\/","name":"Prefeito de Caruaru pede moderniza\u00e7\u00e3o dos equipamentos do Corpo de Bombeiros e Gest\u00e3o compartilhada do Aeroporto","slug":"prefeito-de-caruaru-pede-modernizacao-dos-equipamentos-do-corpo-de-bombeiros-e-gestao-compartilhada-do-aeroporto","taxonomy":"post_tag","meta":[],"_links":{"self":[{"href":"https:\/\/blogdoedvaldomagalhaes.com.br\/index.php\/wp-json\/wp\/v2\/tags\/26670","targetHints":{"allow":["GET"]}}],"collection":[{"href":"https:\/\/blogdoedvaldomagalhaes.com.br\/index.php\/wp-json\/wp\/v2\/tags"}],"about":[{"href":"https:\/\/blogdoedvaldomagalhaes.com.br\/index.php\/wp-json\/wp\/v2\/taxonomies\/post_tag"}],"wp:post_type":[{"href":"https:\/\/blogdoedvaldomagalhaes.com.br\/index.php\/wp-json\/wp\/v2\/posts?tags=26670"}],"curies":[{"name":"wp","href":"https:\/\/api.w.org\/{rel}","templated":true}]}}