{"id":26614,"count":1,"description":"","link":"https:\/\/blogdoedvaldomagalhaes.com.br\/index.php\/tag\/vereadores-de-caruaru-se-reunem-em-sessao-extraordinaria-para-apreciar-pls-do-prefeito-rodrigo-pinheiro\/","name":"Vereadores de Caruaru se re\u00fanem em sess\u00e3o extraordin\u00e1ria para apreciar PLs do prefeito Rodrigo Pinheiro","slug":"vereadores-de-caruaru-se-reunem-em-sessao-extraordinaria-para-apreciar-pls-do-prefeito-rodrigo-pinheiro","taxonomy":"post_tag","meta":[],"_links":{"self":[{"href":"https:\/\/blogdoedvaldomagalhaes.com.br\/index.php\/wp-json\/wp\/v2\/tags\/26614","targetHints":{"allow":["GET"]}}],"collection":[{"href":"https:\/\/blogdoedvaldomagalhaes.com.br\/index.php\/wp-json\/wp\/v2\/tags"}],"about":[{"href":"https:\/\/blogdoedvaldomagalhaes.com.br\/index.php\/wp-json\/wp\/v2\/taxonomies\/post_tag"}],"wp:post_type":[{"href":"https:\/\/blogdoedvaldomagalhaes.com.br\/index.php\/wp-json\/wp\/v2\/posts?tags=26614"}],"curies":[{"name":"wp","href":"https:\/\/api.w.org\/{rel}","templated":true}]}}