{"id":26488,"count":1,"description":"","link":"https:\/\/blogdoedvaldomagalhaes.com.br\/index.php\/tag\/vias-no-entorno-do-estadio-lacerdao-serao-bloqueadas-para-o-jogo-entre-porto-x-central\/","name":"Vias no entorno do Est\u00e1dio Lacerd\u00e3o ser\u00e3o bloqueadas para o jogo entre Porto x Central","slug":"vias-no-entorno-do-estadio-lacerdao-serao-bloqueadas-para-o-jogo-entre-porto-x-central","taxonomy":"post_tag","meta":[],"_links":{"self":[{"href":"https:\/\/blogdoedvaldomagalhaes.com.br\/index.php\/wp-json\/wp\/v2\/tags\/26488","targetHints":{"allow":["GET"]}}],"collection":[{"href":"https:\/\/blogdoedvaldomagalhaes.com.br\/index.php\/wp-json\/wp\/v2\/tags"}],"about":[{"href":"https:\/\/blogdoedvaldomagalhaes.com.br\/index.php\/wp-json\/wp\/v2\/taxonomies\/post_tag"}],"wp:post_type":[{"href":"https:\/\/blogdoedvaldomagalhaes.com.br\/index.php\/wp-json\/wp\/v2\/posts?tags=26488"}],"curies":[{"name":"wp","href":"https:\/\/api.w.org\/{rel}","templated":true}]}}