{"id":26388,"count":1,"description":"","link":"https:\/\/blogdoedvaldomagalhaes.com.br\/index.php\/tag\/vereador-galego-de-lajes-acompanha-obra-de-implantacao-da-rede-de-distribuicao-de-agua-em-carapotos\/","name":"Vereador Galego de Lajes acompanha obra de implanta\u00e7\u00e3o da rede de distribui\u00e7\u00e3o de \u00e1gua em Carapot\u00f3s","slug":"vereador-galego-de-lajes-acompanha-obra-de-implantacao-da-rede-de-distribuicao-de-agua-em-carapotos","taxonomy":"post_tag","meta":[],"_links":{"self":[{"href":"https:\/\/blogdoedvaldomagalhaes.com.br\/index.php\/wp-json\/wp\/v2\/tags\/26388","targetHints":{"allow":["GET"]}}],"collection":[{"href":"https:\/\/blogdoedvaldomagalhaes.com.br\/index.php\/wp-json\/wp\/v2\/tags"}],"about":[{"href":"https:\/\/blogdoedvaldomagalhaes.com.br\/index.php\/wp-json\/wp\/v2\/taxonomies\/post_tag"}],"wp:post_type":[{"href":"https:\/\/blogdoedvaldomagalhaes.com.br\/index.php\/wp-json\/wp\/v2\/posts?tags=26388"}],"curies":[{"name":"wp","href":"https:\/\/api.w.org\/{rel}","templated":true}]}}