{"id":26302,"count":1,"description":"","link":"https:\/\/blogdoedvaldomagalhaes.com.br\/index.php\/tag\/confira-a-programacao-das-comemoracoes-dos-110-anos-de-luiz-gonzaga-que-segue-ate-sexta-feira-16\/","name":"Confira a programa\u00e7\u00e3o das comemora\u00e7\u00f5es dos 110 anos de Luiz Gonzaga que segue at\u00e9 sexta-feira (16)","slug":"confira-a-programacao-das-comemoracoes-dos-110-anos-de-luiz-gonzaga-que-segue-ate-sexta-feira-16","taxonomy":"post_tag","meta":[],"_links":{"self":[{"href":"https:\/\/blogdoedvaldomagalhaes.com.br\/index.php\/wp-json\/wp\/v2\/tags\/26302","targetHints":{"allow":["GET"]}}],"collection":[{"href":"https:\/\/blogdoedvaldomagalhaes.com.br\/index.php\/wp-json\/wp\/v2\/tags"}],"about":[{"href":"https:\/\/blogdoedvaldomagalhaes.com.br\/index.php\/wp-json\/wp\/v2\/taxonomies\/post_tag"}],"wp:post_type":[{"href":"https:\/\/blogdoedvaldomagalhaes.com.br\/index.php\/wp-json\/wp\/v2\/posts?tags=26302"}],"curies":[{"name":"wp","href":"https:\/\/api.w.org\/{rel}","templated":true}]}}