{"id":26300,"count":1,"description":"","link":"https:\/\/blogdoedvaldomagalhaes.com.br\/index.php\/tag\/carnaval-2023-e-discutido-entre-equipes-de-transicao-de-raquel-lyra-e-paulo-camara\/","name":"Carnaval 2023 \u00e9 discutido entre equipes de transi\u00e7\u00e3o de Raquel Lyra e Paulo C\u00e2mara","slug":"carnaval-2023-e-discutido-entre-equipes-de-transicao-de-raquel-lyra-e-paulo-camara","taxonomy":"post_tag","meta":[],"_links":{"self":[{"href":"https:\/\/blogdoedvaldomagalhaes.com.br\/index.php\/wp-json\/wp\/v2\/tags\/26300","targetHints":{"allow":["GET"]}}],"collection":[{"href":"https:\/\/blogdoedvaldomagalhaes.com.br\/index.php\/wp-json\/wp\/v2\/tags"}],"about":[{"href":"https:\/\/blogdoedvaldomagalhaes.com.br\/index.php\/wp-json\/wp\/v2\/taxonomies\/post_tag"}],"wp:post_type":[{"href":"https:\/\/blogdoedvaldomagalhaes.com.br\/index.php\/wp-json\/wp\/v2\/posts?tags=26300"}],"curies":[{"name":"wp","href":"https:\/\/api.w.org\/{rel}","templated":true}]}}