{"id":26278,"count":1,"description":"","link":"https:\/\/blogdoedvaldomagalhaes.com.br\/index.php\/tag\/empresario-lenilson-torres-atende-pedido-da-associacao-e-coloca-placas-nas-rodovias-indicando-feira-da-sulanca-de-caruaru\/","name":"Empres\u00e1rio Lenilson T\u00f4rres atende pedido da associa\u00e7\u00e3o e coloca placas nas rodovias indicando Feira da Sulanca de Caruaru","slug":"empresario-lenilson-torres-atende-pedido-da-associacao-e-coloca-placas-nas-rodovias-indicando-feira-da-sulanca-de-caruaru","taxonomy":"post_tag","meta":[],"_links":{"self":[{"href":"https:\/\/blogdoedvaldomagalhaes.com.br\/index.php\/wp-json\/wp\/v2\/tags\/26278","targetHints":{"allow":["GET"]}}],"collection":[{"href":"https:\/\/blogdoedvaldomagalhaes.com.br\/index.php\/wp-json\/wp\/v2\/tags"}],"about":[{"href":"https:\/\/blogdoedvaldomagalhaes.com.br\/index.php\/wp-json\/wp\/v2\/taxonomies\/post_tag"}],"wp:post_type":[{"href":"https:\/\/blogdoedvaldomagalhaes.com.br\/index.php\/wp-json\/wp\/v2\/posts?tags=26278"}],"curies":[{"name":"wp","href":"https:\/\/api.w.org\/{rel}","templated":true}]}}