{"id":26217,"count":1,"description":"","link":"https:\/\/blogdoedvaldomagalhaes.com.br\/index.php\/tag\/professora-da-rede-municipal-de-caruaru-e-selecionada-para-apresentar-sua-pratica-de-alfabetizacao-para-todo-estado\/","name":"Professora da rede municipal de Caruaru \u00e9 selecionada para apresentar sua pr\u00e1tica de Alfabetiza\u00e7\u00e3o para todo estado","slug":"professora-da-rede-municipal-de-caruaru-e-selecionada-para-apresentar-sua-pratica-de-alfabetizacao-para-todo-estado","taxonomy":"post_tag","meta":[],"_links":{"self":[{"href":"https:\/\/blogdoedvaldomagalhaes.com.br\/index.php\/wp-json\/wp\/v2\/tags\/26217","targetHints":{"allow":["GET"]}}],"collection":[{"href":"https:\/\/blogdoedvaldomagalhaes.com.br\/index.php\/wp-json\/wp\/v2\/tags"}],"about":[{"href":"https:\/\/blogdoedvaldomagalhaes.com.br\/index.php\/wp-json\/wp\/v2\/taxonomies\/post_tag"}],"wp:post_type":[{"href":"https:\/\/blogdoedvaldomagalhaes.com.br\/index.php\/wp-json\/wp\/v2\/posts?tags=26217"}],"curies":[{"name":"wp","href":"https:\/\/api.w.org\/{rel}","templated":true}]}}